{"id":1320,"date":"2026-04-23T14:59:28","date_gmt":"2026-04-23T17:59:28","guid":{"rendered":"https:\/\/marquise51.com.br\/?p=1320"},"modified":"2026-04-23T14:59:28","modified_gmt":"2026-04-23T17:59:28","slug":"porto-da-musica-promove-serie-de-shows-gratuitos-em-frente-ao-teatro-renascenca","status":"publish","type":"post","link":"https:\/\/marquise51.com.br\/index.php\/2026\/04\/23\/porto-da-musica-promove-serie-de-shows-gratuitos-em-frente-ao-teatro-renascenca\/","title":{"rendered":"Porto da M\u00fasica promove s\u00e9rie de shows gratuitos\u00a0em frente ao Teatro Renascen\u00e7a"},"content":{"rendered":"<div><b>Porto da M\u00fasica promove s\u00e9rie de shows gratuitos\u00a0em frente ao Teatro Renascen\u00e7a<\/b><\/div>\n<div><b><br \/>\n<\/b>A cena musical de Porto Alegre ganha um novo ponto de encontro com a chegada do<br \/>\nprojeto Porto da M\u00fasica, que realiza quatro edi\u00e7\u00f5es de shows gratuitos entre abril e<br \/>\njulho em frente ao Teatro Renascen\u00e7a, na \u00e1rea externa do Centro Municipal de Cultura,<br \/>\nArte e Lazer Lupic\u00ednio Rodrigues. A iniciativa integra o projeto Poa Musical e prop\u00f5e<br \/>\nvalorizar a produ\u00e7\u00e3o art\u00edstica local, promovendo encontros entre diferentes gera\u00e7\u00f5es e<br \/>\nestilos.<\/div>\n<div>\nA estreia acontece no dia 24 de abril, sexta-feira, a partir das 18h, com apresenta\u00e7\u00e3o da<br \/>\nbanda\u00a0<b>Os Aciderais e de Julio Reny<\/b>, um dos nomes mais emblem\u00e1ticos do rock do Rio<br \/>\nGrande do Sul.<\/div>\n<div><\/div>\n<div>Com 46 anos de trajet\u00f3ria dedicados \u00e0 cultura,\u00a0<b>Julio Reny\u00a0<\/b>acumula 11 discos lan\u00e7ados,<br \/>\nal\u00e9m de livro, DVD e uma biografia, sendo autor de cl\u00e1ssicos como Amor e Morte,<br \/>\nSandina e N\u00e3o Chores Lola. Ao longo da carreira, tamb\u00e9m atuou no cinema, teatro,<br \/>\ntelevis\u00e3o e r\u00e1dio, consolidando-se como um \u00edcone que atravessa gera\u00e7\u00f5es.<\/div>\n<div>\nRepresentando a nova cena, a banda\u00a0<b>Os Aciderais\u00a0<\/b>chega impulsionada pelo recente<br \/>\nlan\u00e7amento de \u201cAciderais \u2013 Lado B\u201d (2026), que aprofunda a identidade sonora do grupo<br \/>\ncom guitarras densas, atmosferas psicod\u00e9licas e composi\u00e7\u00f5es que transitam entre peso<br \/>\ne contempla\u00e7\u00e3o. Formada por Anny (vocal), Giovanni (guitarra), Let\u00edcia (baixo) e Jeff<br \/>\n(bateria), a banda constr\u00f3i um rock sensorial e imersivo, marcado pela inquieta\u00e7\u00e3o e<br \/>\npela busca constante por novas possibilidades sonoras.<\/div>\n<div><\/div>\n<div>Complementando a programa\u00e7\u00e3o, a\u00a0<b>dj Mely Paredes\u00a0<\/b>iniciar\u00e1 o evento apresentando um<br \/>\nset musical carregado de refer\u00eancias do rock autoral portoalegrense e suas vertentes.<br \/>\nAo longo dos meses, o projeto segue com novas edi\u00e7\u00f5es nos dias 22 de maio e 19 de<br \/>\njunho, com artistas ainda a serem anunciados em breve. Encerrando a programa\u00e7\u00e3o, no<br \/>\ndia 13 de julho, segunda-feira, o Porto da M\u00fasica realizar\u00e1 uma edi\u00e7\u00e3o especial em<br \/>\ncelebra\u00e7\u00e3o ao Dia do Rock.<\/p>\n<p>Com entrada franca, o evento convida o p\u00fablico a ocupar um dos mais importantes<br \/>\nespa\u00e7os culturais da cidade, fortalecendo o acesso \u00e0 cultura e incentivando a circula\u00e7\u00e3o<br \/>\nde artistas locais. A dire\u00e7\u00e3o geral e art\u00edstica do projeto \u00e9 assinada por<b>\u00a0Lucas Hanke, da<br \/>\nMarquise 51, e Liliane Pereira, da Folk, em parceria com a Secretaria Municipal de<br \/>\nCultura e com a Prefeitura de Porto Alegre.<\/b><\/div>\n<div>\nServi\u00e7o<\/div>\n<div><\/div>\n<div>\u201cPorto da M\u00fasica\u201d<br \/>\nEstreia 24\/04 com Julio Reny e Os Aciderais<br \/>\nAbertura com DJ Mely Paredes<br \/>\nPr\u00f3ximas Datas: 22\/05, 19\/06 e 13\/07 com atra\u00e7\u00f5es a confirmar<br \/>\nHor\u00e1rio: das 18h \u00e0s 20h<br \/>\nLocal: Teatro Renascen\u00e7a<br \/>\nEsplanada do Centro Municipal de Cultura, Arte e Lazer Lupic\u00ednio Rodrigues<br \/>\nAv. Erico Verissimo, 307 &#8211; Menino Deus<br \/>\nEntrada gratuita<br \/>\nPerfil oficial:\u00a0<a href=\"https:\/\/www.instagram.com\/portodamusica_poa\" target=\"_blank\" rel=\"noopener\" data-saferedirecturl=\"https:\/\/www.google.com\/url?q=https:\/\/www.instagram.com\/portodamusica_poa&amp;source=gmail&amp;ust=1777051817356000&amp;usg=AOvVaw0wuyzaFJ827e2ROlFiH73z\">https:\/\/www.instagram.com\/<wbr \/>portodamusica_poa<\/a><\/p>\n<p>Ficha T\u00e9cnica<br \/>\nDire\u00e7\u00e3o Geral e Art\u00edstica: Liliane Pereira e Lucas Hanke<br \/>\nArte: Vanny Vieira<br \/>\nAssist\u00eancia de produ\u00e7\u00e3o: Valmir Bambino e Z\u00e9 Fernandes<br \/>\nCobertura: Nath\u00e1lia Severo<br \/>\nApresentadoras convidadas: Adri Bagatini e Mari Martinez<br \/>\nRealiza\u00e7\u00e3o: Marquise 51, Folk e Secretaria Municipal de Cultura &#8211; Prefeitura de Porto<\/p><\/div>\n<div><\/div>\n","protected":false},"excerpt":{"rendered":"<p>Porto da M\u00fasica promove s\u00e9rie de shows gratuitos\u00a0em frente ao Teatro Renascen\u00e7a A cena musical de Porto Alegre ganha um &hellip; <\/p>\n","protected":false},"author":1,"featured_media":1321,"comment_status":"open","ping_status":"open","sticky":false,"template":"","format":"standard","meta":{"_joinchat":[],"footnotes":""},"categories":[6,16],"tags":[],"class_list":["post-1320","post","type-post","status-publish","format-standard","has-post-thumbnail","hentry","category-agenda","category-festival"],"_links":{"self":[{"href":"https:\/\/marquise51.com.br\/index.php\/wp-json\/wp\/v2\/posts\/1320","targetHints":{"allow":["GET"]}}],"collection":[{"href":"https:\/\/marquise51.com.br\/index.php\/wp-json\/wp\/v2\/posts"}],"about":[{"href":"https:\/\/marquise51.com.br\/index.php\/wp-json\/wp\/v2\/types\/post"}],"author":[{"embeddable":true,"href":"https:\/\/marquise51.com.br\/index.php\/wp-json\/wp\/v2\/users\/1"}],"replies":[{"embeddable":true,"href":"https:\/\/marquise51.com.br\/index.php\/wp-json\/wp\/v2\/comments?post=1320"}],"version-history":[{"count":1,"href":"https:\/\/marquise51.com.br\/index.php\/wp-json\/wp\/v2\/posts\/1320\/revisions"}],"predecessor-version":[{"id":1322,"href":"https:\/\/marquise51.com.br\/index.php\/wp-json\/wp\/v2\/posts\/1320\/revisions\/1322"}],"wp:featuredmedia":[{"embeddable":true,"href":"https:\/\/marquise51.com.br\/index.php\/wp-json\/wp\/v2\/media\/1321"}],"wp:attachment":[{"href":"https:\/\/marquise51.com.br\/index.php\/wp-json\/wp\/v2\/media?parent=1320"}],"wp:term":[{"taxonomy":"category","embeddable":true,"href":"https:\/\/marquise51.com.br\/index.php\/wp-json\/wp\/v2\/categories?post=1320"},{"taxonomy":"post_tag","embeddable":true,"href":"https:\/\/marquise51.com.br\/index.php\/wp-json\/wp\/v2\/tags?post=1320"}],"curies":[{"name":"wp","href":"https:\/\/api.w.org\/{rel}","templated":true}]}}